{"id":1583,"date":"2022-01-07T21:47:36","date_gmt":"2022-01-07T19:47:36","guid":{"rendered":"https:\/\/www.mytube.cz\/?p=1583"},"modified":"2022-12-18T01:54:25","modified_gmt":"2022-12-17T23:54:25","slug":"valku-do-naha-vyzyva-ministra-studentska-iniciativa-zmena-matrixu","status":"publish","type":"post","link":"https:\/\/www.mytube.cz\/index.php\/2022\/01\/07\/valku-do-naha-vyzyva-ministra-studentska-iniciativa-zmena-matrixu\/","title":{"rendered":"V\u00e1lku, do naha! Vyz\u00fdv\u00e1 ministra studentsk\u00e1 iniciativa Zm\u011bna Matrixu"},"content":{"rendered":"\n<figure class=\"wp-block-video\"><video height=\"480\" style=\"aspect-ratio: 854 \/ 480;\" width=\"854\" controls poster=\"https:\/\/www.mytube.cz\/wp-content\/uploads\/2022\/01\/valkudonaha-e1641584820368.jpg\" src=\"https:\/\/www.mytube.cz\/wp-content\/uploads\/2022\/01\/valkudonaha.mp4\"><\/video><\/figure>\n\n\n\n<p>Studenti z iniciativy Zm\u011bna Matrixu (<a href=\"http:\/\/www.zmenamatrixu.cz\" target=\"_blank\" rel=\"noreferrer noopener\">www.zmenamatrixu.cz<\/a>) reaguj\u00ed na slova, kter\u00e1 pronesl sou\u010dasn\u00fd ministr zdravotnictv\u00ed Vlastimil V\u00e1lek ve sn\u011bmovn\u011b 4. prosince 2020, kdy doslova \u0159ekl: <strong>\u201eKdy\u017e by bylo (o\u010dkov\u00e1n\u00ed) povinn\u00e9, tak budu prvn\u00ed, kter\u00fd se tady p\u0159ipout\u00e1 od pasu nahoru nah\u00fd p\u0159ed tady touto sn\u011bmovnou a nepust\u00ed sem ministra.\u201d<\/strong><\/p>\n\n\n\n<p>Student\u016fm se nel\u00edb\u00ed ministrova radik\u00e1ln\u00ed zm\u011bna n\u00e1zoru a jeho n\u00e1tlak na povinn\u00e9 o\u010dkov\u00e1n\u00ed vybran\u00fdch skupin obyvatelstva experiment\u00e1ln\u00ed o\u010dkovac\u00ed l\u00e1tkou. Vyz\u00fdv\u00e1 proto ministra, aby dost\u00e1l sv\u00e9ho slova a br\u00e1nil dobrovolnost v ot\u00e1zce o\u010dkov\u00e1n\u00ed. Svoj\u00ed nevoli dali najevo otev\u0159en\u00fdm dopisem:<\/p>\n\n\n\n<p><em>V\u00e1\u017een\u00fd pane minist\u0159e zdravotnictv\u00ed,<\/em><br><em>obrac\u00edme se na V\u00e1s v souvislosti s vyhl\u00e1\u0161kou o povinn\u00e9m o\u010dkov\u00e1n\u00ed proti covidu-19.<br>Jako\u017eto student\u016fm, n\u011bkter\u00fdm z n\u00e1s povinn\u00e9 o\u010dkov\u00e1n\u00ed znemo\u017e\u0148uje pokra\u010dovat ve studiu. Nejsme proti o\u010dkov\u00e1n\u00ed, ale jsme pro zachov\u00e1n\u00ed jeho dobrovolnosti. Jsme p\u0159esv\u011bd\u010deni, \u017ee ka\u017ed\u00fd z n\u00e1s m\u00e1 pr\u00e1vo si o sv\u00e9m zdrav\u00ed rozhodnout s\u00e1m. Odm\u00edt\u00e1me, aby tohle pr\u00e1vo bylo ob\u010dan\u016fm \u010cesk\u00e9 republiky up\u00edr\u00e1no. V\u011b\u0159\u00edme, \u017ee dostoj\u00edte sv\u00e9ho slova, a vyz\u00fdv\u00e1me V\u00e1s ke zru\u0161en\u00ed v\u00fd\u0161e zm\u00edn\u011bn\u00e9 vyhl\u00e1\u0161ky do dne 10. 1. 2022.<\/em><\/p>\n\n\n\n<p><em>Iniciativa Zm\u011bna Matrixu<\/em><\/p>\n\n\n\n<p>\u201eJe neuv\u011b\u0159iteln\u00e9, \u017ee pan ministr, kter\u00fd tak hlasit\u011b a expresivn\u011b ubezpe\u010doval ob\u010dany o dobrovolnosti o\u010dkov\u00e1n\u00ed, takto zm\u011bnil sv\u016fj postoj,\u201d prohl\u00e1sila jedna z mluv\u010d\u00edch iniciativy Aneta Hlin\u010d\u00edkov\u00e1 a v\u011b\u0159\u00ed, stejn\u011b jako ostatn\u00ed studenti, \u017ee pan ministr V\u00e1lek dostoj\u00ed sv\u00e9ho slova.<\/p>\n","protected":false},"excerpt":{"rendered":"<p>Studenti z iniciativy Zm\u011bna Matrixu (www.zmenamatrixu.cz) reaguj\u00ed na slova, kter\u00e1 pronesl sou\u010dasn\u00fd ministr zdravotnictv\u00ed Vlastimil V\u00e1lek ve sn\u011bmovn\u011b 4. prosince 2020, kdy doslova \u0159ekl: \u201eKdy\u017e by bylo (o\u010dkov\u00e1n\u00ed) povinn\u00e9, tak budu prvn\u00ed, kter\u00fd se tady p\u0159ipout\u00e1 od pasu nahoru nah\u00fd&#8230; <\/p>\n","protected":false},"author":1,"featured_media":1584,"comment_status":"open","ping_status":"open","sticky":false,"template":"","format":"video","meta":{"footnotes":""},"categories":[1],"tags":[86],"class_list":["post-1583","post","type-post","status-publish","format-video","has-post-thumbnail","hentry","category-vse","tag-paralelne-cz","post_format-post-format-video"],"_links":{"self":[{"href":"https:\/\/www.mytube.cz\/index.php\/wp-json\/wp\/v2\/posts\/1583","targetHints":{"allow":["GET"]}}],"collection":[{"href":"https:\/\/www.mytube.cz\/index.php\/wp-json\/wp\/v2\/posts"}],"about":[{"href":"https:\/\/www.mytube.cz\/index.php\/wp-json\/wp\/v2\/types\/post"}],"author":[{"embeddable":true,"href":"https:\/\/www.mytube.cz\/index.php\/wp-json\/wp\/v2\/users\/1"}],"replies":[{"embeddable":true,"href":"https:\/\/www.mytube.cz\/index.php\/wp-json\/wp\/v2\/comments?post=1583"}],"version-history":[{"count":1,"href":"https:\/\/www.mytube.cz\/index.php\/wp-json\/wp\/v2\/posts\/1583\/revisions"}],"predecessor-version":[{"id":1585,"href":"https:\/\/www.mytube.cz\/index.php\/wp-json\/wp\/v2\/posts\/1583\/revisions\/1585"}],"wp:featuredmedia":[{"embeddable":true,"href":"https:\/\/www.mytube.cz\/index.php\/wp-json\/wp\/v2\/media\/1584"}],"wp:attachment":[{"href":"https:\/\/www.mytube.cz\/index.php\/wp-json\/wp\/v2\/media?parent=1583"}],"wp:term":[{"taxonomy":"category","embeddable":true,"href":"https:\/\/www.mytube.cz\/index.php\/wp-json\/wp\/v2\/categories?post=1583"},{"taxonomy":"post_tag","embeddable":true,"href":"https:\/\/www.mytube.cz\/index.php\/wp-json\/wp\/v2\/tags?post=1583"}],"curies":[{"name":"wp","href":"https:\/\/api.w.org\/{rel}","templated":true}]}}